{"id":1269,"date":"2020-05-11T20:13:11","date_gmt":"2020-05-11T18:13:11","guid":{"rendered":"http:\/\/jeunespages.org\/?p=1269"},"modified":"2024-02-09T18:12:55","modified_gmt":"2024-02-09T17:12:55","slug":"des-regles","status":"publish","type":"post","link":"https:\/\/jeunespages.org\/index.php\/2020\/05\/11\/des-regles\/","title":{"rendered":"Des r\u00e8gles"},"content":{"rendered":"\n<p>Cela fait maintenant 56 jours que le confinement a \u00e9t\u00e9 proclam\u00e9 par Emmanuel Macron. Cela fait maintenant 56 jours que j\u2019ai constat\u00e9 une baisse importante de mes libert\u00e9s et une hausse importante de la supr\u00e9matie des parents.<\/p>\n\n\n\n<p>Je voulais donc faire un billet d\u2019humeur, pousser un coup de gueule, contre ces libert\u00e9s abolies, ces activit\u00e9s manuelles et culturelles d\u00e9c\u00e9d\u00e9es.<\/p>\n\n\n\n<p>Revenons-en aux faits et \u00e0 l\u2019historique de ce confinement. Parlons des r\u00e8gles. Au d\u00e9but, les parents nous ont demand\u00e9 de faire un emploi du temps. Ce que l&rsquo;on a fait. Mais, ils l\u2019ont chang\u00e9 ! Cela n\u2019avait donc servi \u00e0 rien ! Ils nous ont dit que nous devions travailler 3 \u00e0 4h par jour &#8211; ce qui me paraissait encore \u00e0 peu pr\u00e8s normal. Mais, apr\u00e8s avoir re\u00e7u un mail du proviseur donnant des consignes relatives \u00e0 la \u00ab continuit\u00e9 p\u00e9dagogique \u00bb et au travail scolaire des enfants, ils ont d\u00e9cid\u00e9 que \u00e7a serait plut\u00f4t 6 ou 7h. J&rsquo;ai pleur\u00e9, je me suis plaint mais rien n&rsquo;y a fait. Ils avaient comme seul argument que \u00e7a nous ferait 6 ou 7h de \u00ab d\u2019occupation \u00bb. &nbsp;Au bout de 3 jours, ils en revenaient cependant \u00e0 3 ou 4h et nous donnaient des emplois du temps plus respectueux.<\/p>\n\n\n\n<p>Puis il y eut les vacances, tout \u00e9tait moins strict, plus d\u00e9tendu, c\u2019\u00e9taient les vacances quoi. Mais retour \u00e0 la case d\u00e9part d\u00e8s qu\u2019elles furent termin\u00e9es : 3 ou 4h de travail impos\u00e9es le matin plus une heure apr\u00e8s le repas de midi et, pour la suite de l&rsquo;apr\u00e8s-midi interdiction de tout \u00ab \u00e9lectronique \u00bb, pas une seule dose d&rsquo;\u00e9lectronique ! Cela voulait dire que, moi qui ai un amour absolu du cin\u00e9ma je ne pouvais pas regarder de film l&rsquo;apr\u00e8s-midi ? Quelle injustice quand les parents eux-m\u00eames sont accros \u00e0 une s\u00e9rie qu\u2019ils regardent sans cesse !<\/p>\n\n\n\n<p>Oui, mes parents pensent que sans r\u00e8gles je serais toute la journ\u00e9e sur les \u00e9crans, les yeux explos\u00e9s, les devoirs non faits. En fait, je remarque par exemple que je ne lis presque plus de livres, et le fait d\u2019enlever les r\u00e8gles, d\u2019\u00eatre libre m\u2019en ferait peut-\u00eatre lire plus.<\/p>\n\n\n\n<p>J&rsquo;aimerais bien voir \u00e7a&nbsp;: au moins une journ\u00e9e, sans aucune r\u00e8gle, juste pour essayer, car comme dit le proverbe,\u201dqui ne tente rien, n&rsquo;a rien\u201d.<\/p>\n\n\n\n<p>Camille<\/p>\n\n\n\n<div class=\"wp-block-image\"><figure class=\"alignleft is-resized\"><img loading=\"lazy\" decoding=\"async\" src=\"http:\/\/jeunespages.org\/wp-content\/uploads\/2020\/03\/logo-Canard.jpeg\" alt=\"\" class=\"wp-image-1071\" width=\"178\" height=\"36\" srcset=\"https:\/\/jeunespages.org\/wp-content\/uploads\/2020\/03\/logo-Canard.jpeg 500w, https:\/\/jeunespages.org\/wp-content\/uploads\/2020\/03\/logo-Canard-300x60.jpeg 300w\" sizes=\"auto, (max-width: 178px) 100vw, 178px\" \/><\/figure><\/div>\n\n\n\n<p><em><a href=\"https:\/\/aumenuducanard.wordpress.com\/\" target=\"_blank\" rel=\"noreferrer noopener\" aria-label=\"Le journal des coll\u00e9giens de Montgolfier (s\u2019ouvre dans un nouvel onglet)\">Le journal des coll\u00e9giens de Montgolfier<\/a><\/em><\/p>\n","protected":false},"excerpt":{"rendered":"<p>Cela fait maintenant 56 jours que le confinement a \u00e9t\u00e9 proclam\u00e9 par Emmanuel Macron. Cela fait maintenant 56 jours que j\u2019ai constat\u00e9 une baisse importante de mes libert\u00e9s et une hausse importante de la supr\u00e9matie des parents. Je voulais donc faire un billet d\u2019humeur, pousser un coup de gueule, contre ces libert\u00e9s abolies, ces activit\u00e9s &hellip; <\/p>\n<p class=\"link-more\"><a href=\"https:\/\/jeunespages.org\/index.php\/2020\/05\/11\/des-regles\/\" class=\"more-link\">Continuer la lecture<span class=\"screen-reader-text\"> de &laquo;&nbsp;Des r\u00e8gles&nbsp;&raquo;<\/span><\/a><\/p>\n","protected":false},"author":1,"featured_media":0,"comment_status":"open","ping_status":"open","sticky":false,"template":"","format":"standard","meta":{"ngg_post_thumbnail":0,"iawp_total_views":1,"footnotes":""},"categories":[17],"tags":[],"class_list":["post-1269","post","type-post","status-publish","format-standard","hentry","category-journal-de-nos-confinements"],"_links":{"self":[{"href":"https:\/\/jeunespages.org\/index.php\/wp-json\/wp\/v2\/posts\/1269","targetHints":{"allow":["GET"]}}],"collection":[{"href":"https:\/\/jeunespages.org\/index.php\/wp-json\/wp\/v2\/posts"}],"about":[{"href":"https:\/\/jeunespages.org\/index.php\/wp-json\/wp\/v2\/types\/post"}],"author":[{"embeddable":true,"href":"https:\/\/jeunespages.org\/index.php\/wp-json\/wp\/v2\/users\/1"}],"replies":[{"embeddable":true,"href":"https:\/\/jeunespages.org\/index.php\/wp-json\/wp\/v2\/comments?post=1269"}],"version-history":[{"count":2,"href":"https:\/\/jeunespages.org\/index.php\/wp-json\/wp\/v2\/posts\/1269\/revisions"}],"predecessor-version":[{"id":3842,"href":"https:\/\/jeunespages.org\/index.php\/wp-json\/wp\/v2\/posts\/1269\/revisions\/3842"}],"wp:attachment":[{"href":"https:\/\/jeunespages.org\/index.php\/wp-json\/wp\/v2\/media?parent=1269"}],"wp:term":[{"taxonomy":"category","embeddable":true,"href":"https:\/\/jeunespages.org\/index.php\/wp-json\/wp\/v2\/categories?post=1269"},{"taxonomy":"post_tag","embeddable":true,"href":"https:\/\/jeunespages.org\/index.php\/wp-json\/wp\/v2\/tags?post=1269"}],"curies":[{"name":"wp","href":"https:\/\/api.w.org\/{rel}","templated":true}]}}